{"id":1071,"date":"2018-11-08T07:15:35","date_gmt":"2018-11-08T07:15:35","guid":{"rendered":"http:\/\/www.stephanoesterreicher.com\/?p=1071"},"modified":"2019-01-25T16:42:30","modified_gmt":"2019-01-25T16:42:30","slug":"integration-after-a-meditation-retreat-4-questions-to-turn-your-insights-into-lasting-change","status":"publish","type":"post","link":"https:\/\/www.meditationretreatperu.com\/es_ES\/integration-after-a-meditation-retreat-4-questions-to-turn-your-insights-into-lasting-change\/","title":{"rendered":"Integraci\u00f3n Despu\u00e9s de un Retiro de Meditaci\u00f3n: 4 Preguntas para Convertir tus Revelaciones en un Cambio Duradero"},"content":{"rendered":"<div class=\"fusion-fullwidth fullwidth-box fusion-builder-row-1 nonhundred-percent-fullwidth non-hundred-percent-height-scrolling\" style=\"--awb-border-radius-top-left:0px;--awb-border-radius-top-right:0px;--awb-border-radius-bottom-right:0px;--awb-border-radius-bottom-left:0px;--awb-flex-wrap:wrap;\" ><div class=\"fusion-builder-row fusion-row\"><div class=\"fusion-layout-column fusion_builder_column fusion-builder-column-0 fusion_builder_column_1_1 1_1 fusion-one-full fusion-column-first fusion-column-last\" style=\"--awb-bg-size:cover;--awb-margin-bottom:0px;\"><div class=\"fusion-column-wrapper fusion-flex-column-wrapper-legacy\"><div class=\"fusion-text fusion-text-1\"><p style=\"text-align: justify;\">El retiro de meditaci\u00f3n ha terminado, el silencio se ha roto y es hora de volver a la vida normal.<\/p>\n<p style=\"text-align: justify;\">\u00bfAhora qu\u00e9?<\/p>\n<p style=\"text-align: justify;\">Salir de un retiro de meditaci\u00f3n puede ser tan desafiante como el retiro mismo, si no m\u00e1s. Esto significa que tambi\u00e9n es una oportunidad igualmente poderosa para el crecimiento.<\/p>\n<p style=\"text-align: justify;\">A muchas personas les resulta dif\u00edcil cerrar la brecha entre la pr\u00e1ctica intensiva y la vida diaria. Es una habilidad importante, un aspecto de la madurez espiritual que a menudo se pasa por alto.<\/p>\n<p style=\"text-align: justify;\">Si est\u00e1s listo para hacer todo lo que has comprendido tu realidad cotidiana, aqu\u00ed hay cuatro preguntas para ayudarte a fundamentar tus ideas y convertirlas en la base del cambio positivo en tu vida.<\/p>\n<p style=\"text-align: justify;\"><strong>1. \u00bfCu\u00e1les fueron mis revelaciones m\u00e1s importantes durante el retiro?<\/strong><\/p>\n<p style=\"text-align: justify;\">Despu\u00e9s de una experiencia profunda, puedes estar reacio a comenzar a analizar y clasificar sobre lo que sentiste. Definitivamente no lo apoyar\u00eda.<\/p>\n<p style=\"text-align: justify;\">Sin embargo, si la sensaci\u00f3n es natural, puede ser muy \u00fatil reflexionar sobre tu retiro y ver qu\u00e9 momentos se destacan m\u00e1s en retrospectiva. Intenta capturar el sabor de cada uno. Incluso puedes cerrar los ojos, entrar en un estado meditativo y sentir c\u00f3mo la memoria hace eco en tu cuerpo.<\/p>\n<p style=\"text-align: justify;\">Preg\u00fantate a ti mismo: &#8220;\u00bfQu\u00e9 tiene que ense\u00f1arme esta experiencia?&#8221;<\/p>\n<p style=\"text-align: justify;\">Tal vez la lecci\u00f3n sea clara, una percepci\u00f3n que puedas comprender f\u00e1cilmente. Tal vez es m\u00e1s un movimiento energ\u00e9tico sutil que a\u00fan no puedes reflejar con tu mente consciente. Cualquiera de las dos es muy buena.<\/p>\n<p style=\"text-align: justify;\">Si no puedes expresarlo con palabras, ten la seguridad de que la informaci\u00f3n continuar\u00e1 madurando y permeando tu ser, ya sea que lo sepas o no. Solo haz un compromiso contigo mismo de que permitir\u00e1s que suceda. Para las personas visuales, hacer un dibujo de \u00e9l podr\u00eda ser \u00fatil .<\/p>\n<p style=\"text-align: justify;\">Si puedes ponerlo en palabras, escr\u00edbelo. Mant\u00e9nte alejado de la especulaci\u00f3n metaf\u00edsica y conc\u00e9ntrate en su experiencia vivida.<\/p>\n<p style=\"text-align: justify;\">Este registro te ayudar\u00e1 a aclarar tu visi\u00f3n y volver a ella m\u00e1s adelante.<\/p>\n<p style=\"text-align: justify;\">Recuerda: justo despu\u00e9s de un retiro, a menudo se siente como si todo hubiera cambiado y tus conocimientos m\u00e1s altos se quedaran contigo para siempre. Desafortunadamente, \u00a1no funciona as\u00ed!<\/p>\n<p style=\"text-align: justify;\">La conciencia sube y baja. Nuestro crecimiento espiritual nunca est\u00e1 en l\u00ednea recta. Olvidar\u00e1s lo que has aprendido y lo recordar\u00e1s de nuevo, y olvidar\u00e1s y recordar\u00e1s&#8230; y eso est\u00e1 bien. Se trata de la persistencia, solo volver una y otra vez. Tarde o temprano, tus revelaciones se estabilizar\u00e1n y se convertir\u00e1n en la base para nuevas lecciones.<\/p>\n<p style=\"text-align: justify;\"><strong>2. \u00bfCu\u00e1l fue mi momento m\u00e1s dif\u00edcil y c\u00f3mo lo super\u00e9?<\/strong><\/p>\n<p style=\"text-align: justify;\">Los retiros de meditaci\u00f3n no son todos flores y sol. En alg\u00fan momento, tal vez quisiste huir gritando lejos de la sala de meditaci\u00f3n, o simplemente tumbarte en el suelo y llorar.<\/p>\n<p style=\"text-align: justify;\">Buenas noticias: estos momentos tambi\u00e9n son valiosos! En cierto modo, m\u00e1s valioso que los tiempos de paz y alegr\u00eda: no porque el sufrimiento sea tan grande en s\u00ed mismo, sino porque te muestra d\u00f3nde est\u00e1s realizando la transformaci\u00f3n m\u00e1s profunda y c\u00f3mo tu propia fuerza y conciencia interna pueden hacerte sentir bien. a trav\u00e9s de cualquier desaf\u00edo .<\/p>\n<p style=\"text-align: justify;\">Si est\u00e1s leyendo esto ahora, significa que sobreviviste a la crisis. Pensando en eso, \u00bfcu\u00e1l fue el punto de inflexi\u00f3n? \u00bfQu\u00e9 provoc\u00f3 la crisis, c\u00f3mo te sentiste cuando estabas en medio de ella, y c\u00f3mo te fuiste?<\/p>\n<p style=\"text-align: justify;\">En retrospectiva, \u00bfpuedes ver de qu\u00e9 se trat\u00f3 realmente la lucha interior? Aqu\u00ed hay una pista: probablemente no fue lo que pareci\u00f3 desencadenarla.<\/p>\n<p style=\"text-align: justify;\">Por ejemplo, durante un retiro, me sent\u00eda mareado a veces haciendo yoga y en mi forma neur\u00f3tica cl\u00e1sica, me convenc\u00ed de que probablemente ten\u00eda una enfermedad card\u00edaca rara y no podr\u00eda vivir para ver el final del retiro. Sab\u00eda que era un miedo neur\u00f3tico loco, pero no obstante era intenso.<\/p>\n<p style=\"text-align: justify;\">Toda la racionalizaci\u00f3n y la tranquilidad en el mundo no podr\u00edan hacer nada. Sin embargo, en alg\u00fan momento me di cuenta de que este miedo a la muerte era en realidad un miedo al cambio, un miedo a que mi antiguo yo &#8220;muriera&#8221; como parte de un proceso de transformaci\u00f3n.<\/p>\n<p style=\"text-align: justify;\">Una vez que reconoc\u00ed esto, pude dejar ir y despedirme de algunos viejos patrones que ya no me serv\u00edan, y el miedo irracional se disip\u00f3.<\/p>\n<p style=\"text-align: justify;\">Esto es solo para ilustrar que no entendemos realmente lo que est\u00e1 pasando en lo m\u00e1s profundo de nuestra psique, y lo que vemos en la superficie es solo una reflexi\u00f3n aproximada.<\/p>\n<p style=\"text-align: justify;\">Cuando hay un gran drama durante un retiro, mucha energ\u00eda incontrolable y confusi\u00f3n emocional, a menudo muestra que debajo de la superficie, algo grande est\u00e1 tratando de cambiar. Puede ser dif\u00edcil o imposible verlo claramente cuando est\u00e1s en el medio de esto, pero al reflexionar sobre ello m\u00e1s adelante, es posible que encuentres algunas lecciones importantes.<\/p>\n<p style=\"text-align: justify;\">Tambi\u00e9n traer\u00e1 m\u00e1s conciencia a todo el proceso, lo que har\u00e1 que la experiencia sea m\u00e1s fluida la pr\u00f3xima vez.<\/p>\n<p style=\"text-align: justify;\"><strong>3. \u00bfQu\u00e9 har\u00e9 ahora para expresar todo lo que he comprendido?<\/strong><\/p>\n<p style=\"text-align: justify;\">Ahora, tomemos tu nueva comprensi\u00f3n y vamos a llevarla a un plan de acci\u00f3n pr\u00e1ctico.<\/p>\n<p style=\"text-align: justify;\">Tal vez una de tus revelaciones fue sobre la importancia de la compasi\u00f3n.<\/p>\n<p style=\"text-align: justify;\">Como ejercicio, trata de cerrar los ojos y volver a conectarte con el sentimiento de compasi\u00f3n que tanto te inspir\u00f3. Imag\u00ednate atravesando la vida con esta compasi\u00f3n en tu coraz\u00f3n. \u00bfC\u00f3mo reaccionar\u00e1s de manera diferente a las personas y situaciones que te rodean? \u00bfCu\u00e1les son algunos simples actos de compasi\u00f3n que puedes realizar todos los d\u00edas?<\/p>\n<p style=\"text-align: justify;\">Tal vez fue m\u00e1s sobre soltar los archivos adjuntos. En este caso, intenta hacer una lista de lo que mantienes: h\u00e1bitos, posesiones, personas, ideas o cualquier otra cosa. (Si no est\u00e1s seguro, solo piensa en lo que m\u00e1s te distrajo durante tus meditaciones).<\/p>\n<p style=\"text-align: justify;\">\u00bfC\u00f3mo ser\u00e1 tu vida sin ese apego? \u00bfC\u00f3mo se sentir\u00e1 al renunciar a aquello por lo que est\u00e1s tan apegado o simplemente a dejar de depender de ello?<\/p>\n<p style=\"text-align: justify;\">Sea lo que sea que elijas, propon algunos pasos para que tu comprensi\u00f3n sea parte de tu vida diaria. Deber\u00eda ser algo que te desaf\u00ede, pero que puedas lograr de manera realista y cumplir.<\/p>\n<p style=\"text-align: justify;\">No prometas dar la mitad de tus ingresos mensuales a la caridad o nunca volver\u00e1 a enojarse con tu pareja, porque fracasar\u00e1s y te desanimar\u00e1s. En vez de eso, decide hacer voluntariado una vez a la semana, comun\u00edcate con una persona con la que tengas problemas o recorta un h\u00e1bito destructivo.<\/p>\n<p style=\"text-align: justify;\">Una vez que se vuelve f\u00e1cil, puedes subir la apuesta..<\/p>\n<p style=\"text-align: justify;\"><strong>4. \u00bfC\u00f3mo voy a mantener la pr\u00e1ctica a partir de ahora?<\/strong><\/p>\n<p style=\"text-align: justify;\">Tan importante como hacer un plan para poner en pr\u00e1ctica tus ideas, debes mantener el contacto con el nivel de conciencia que las revel\u00f3. Si no ten\u00edas una pr\u00e1ctica diaria de meditaci\u00f3n antes de tu retiro, ahora es el momento perfecto para establecer una.<\/p>\n<p style=\"text-align: justify;\">Entonces preg\u00fantate, \u00bfqu\u00e9 pr\u00e1cticas me sirvieron m\u00e1s durante el retiro? \u00bfQu\u00e9 es lo que m\u00e1s resuena con mi vida normal? \u00bfCu\u00e1nto de esta pr\u00e1ctica necesito todos los d\u00edas y cu\u00e1nto puedo comprometerme razonablemente?<\/p>\n<p style=\"text-align: justify;\">Como mencion\u00e9 antes, s\u00e9 realista y compasivo contigo mismo. Presiona tus l\u00edmites un poco, pero no te sobrecargues con las expectativas.<\/p>\n<p style=\"text-align: justify;\">Recuerda desde el principio que si fue un desaf\u00edo encontrar tiempo para meditar antes del retiro, ser\u00e1 un desaf\u00edo nuevamente. Lo que ha cambiado es que ahora tienes m\u00e1s motivaci\u00f3n, una idea de lo que es posible, y esto hace toda la diferencia.<\/p>\n<p style=\"text-align: justify;\">Tambi\u00e9n ten en cuenta que en la vida normal, rara vez profundizar\u00e1s tanto en meditaci\u00f3n como en retiros. No es un signo de fracaso sino es totalmente natural. Si te sientes desanimado, solo recuerda que las puertas se te abrieron una vez y que se volver\u00e1n a abrir cuando sea el momento adecuado.<\/p>\n<p style=\"text-align: justify;\"><strong>Conclusi\u00f3n<\/strong><\/p>\n<p style=\"text-align: justify;\">Es incre\u00edblemente gratificante ver c\u00f3mo tu pr\u00e1ctica de meditaci\u00f3n se transforma en cambios tangibles en tu vida. La clave para expresar lo que has comprendido es la paciencia, la coherencia y un equilibrio de determinaci\u00f3n con autocompasi\u00f3n.<\/p>\n<p style=\"text-align: justify;\">Si es posible, te animo a que te mantengas en contacto con el l\u00edder y otras personas del retiro. Tus compa\u00f1eros en meditaci\u00f3n pueden ser un recurso y un sistema de apoyo invaluables. \u00a1Tal vez incluso descubras que despu\u00e9s de esta experiencia compartida, tienes nuevos amigos para toda la vida!<\/p>\n<p style=\"text-align: justify;\">Y si ya te est\u00e1s perdiendo la belleza del silencio, nunca es demasiado pronto para comenzar a planificar tu pr\u00f3ximo retiro.<\/p>\n<\/div><div class=\"fusion-clearfix\"><\/div><\/div><\/div><\/div><\/div>\n","protected":false},"excerpt":{"rendered":"<p>El retiro de meditaci\u00f3n ha terminado, el silencio se ha roto y es hora de volver a la vida normal.<\/p>\n","protected":false},"author":6,"featured_media":1144,"comment_status":"open","ping_status":"closed","sticky":false,"template":"","format":"standard","meta":{"footnotes":""},"categories":[1],"tags":[],"yoast_head":"<!-- This site is optimized with the Yoast SEO plugin v20.13 - https:\/\/yoast.com\/wordpress\/plugins\/seo\/ -->\n<title>Integraci\u00f3n Despu\u00e9s de un Retiro de Meditaci\u00f3n: 4 Preguntas para Convertir tus Revelaciones en un Cambio Duradero<\/title>\n<meta name=\"description\" content=\"El retiro de meditaci\u00f3n ha terminado, el silencio se ha roto y es hora de volver a la vida normal.\" \/>\n<meta name=\"robots\" content=\"index, follow, max-snippet:-1, max-image-preview:large, max-video-preview:-1\" \/>\n<link rel=\"canonical\" href=\"https:\/\/www.meditationretreatperu.com\/es_ES\/integration-after-a-meditation-retreat-4-questions-to-turn-your-insights-into-lasting-change\/\" \/>\n<meta property=\"og:locale\" content=\"en_US\" \/>\n<meta property=\"og:type\" content=\"article\" \/>\n<meta property=\"og:title\" content=\"Integraci\u00f3n Despu\u00e9s de un Retiro de Meditaci\u00f3n: 4 Preguntas para Convertir tus Revelaciones en un Cambio Duradero\" \/>\n<meta property=\"og:description\" content=\"El retiro de meditaci\u00f3n ha terminado, el silencio se ha roto y es hora de volver a la vida normal.\" \/>\n<meta property=\"og:url\" content=\"https:\/\/www.meditationretreatperu.com\/es_ES\/integration-after-a-meditation-retreat-4-questions-to-turn-your-insights-into-lasting-change\/\" \/>\n<meta property=\"og:site_name\" content=\"Meditation Retreat Peru\" \/>\n<meta property=\"article:published_time\" content=\"2018-11-08T07:15:35+00:00\" \/>\n<meta property=\"article:modified_time\" content=\"2019-01-25T16:42:30+00:00\" \/>\n<meta property=\"og:image\" content=\"https:\/\/www.meditationretreatperu.com\/wp-content\/uploads\/2018\/11\/after_meditation_retreats.jpg\" \/>\n\t<meta property=\"og:image:width\" content=\"800\" \/>\n\t<meta property=\"og:image:height\" content=\"600\" \/>\n\t<meta property=\"og:image:type\" content=\"image\/jpeg\" \/>\n<meta name=\"author\" content=\"admin\" \/>\n<meta name=\"twitter:card\" content=\"summary_large_image\" \/>\n<meta name=\"twitter:label1\" content=\"Written by\" \/>\n\t<meta name=\"twitter:data1\" content=\"admin\" \/>\n\t<meta name=\"twitter:label2\" content=\"Est. reading time\" \/>\n\t<meta name=\"twitter:data2\" content=\"9 minutes\" \/>\n<script type=\"application\/ld+json\" class=\"yoast-schema-graph\">{\"@context\":\"https:\/\/schema.org\",\"@graph\":[{\"@type\":\"WebPage\",\"@id\":\"https:\/\/www.meditationretreatperu.com\/es_ES\/integration-after-a-meditation-retreat-4-questions-to-turn-your-insights-into-lasting-change\/\",\"url\":\"https:\/\/www.meditationretreatperu.com\/es_ES\/integration-after-a-meditation-retreat-4-questions-to-turn-your-insights-into-lasting-change\/\",\"name\":\"Integration After a Meditation Retreat: 4 Questions to Turn Your Insights Into Lasting Change - Meditation Retreat Peru\",\"isPartOf\":{\"@id\":\"https:\/\/www.meditationretreatperu.com\/#website\"},\"datePublished\":\"2018-11-08T07:15:35+00:00\",\"dateModified\":\"2019-01-25T16:42:30+00:00\",\"author\":{\"@id\":\"https:\/\/www.meditationretreatperu.com\/#\/schema\/person\/7b999a6375a36fbfb444415cb32229d4\"},\"breadcrumb\":{\"@id\":\"https:\/\/www.meditationretreatperu.com\/es_ES\/integration-after-a-meditation-retreat-4-questions-to-turn-your-insights-into-lasting-change\/#breadcrumb\"},\"inLanguage\":\"en-US\",\"potentialAction\":[{\"@type\":\"ReadAction\",\"target\":[\"https:\/\/www.meditationretreatperu.com\/es_ES\/integration-after-a-meditation-retreat-4-questions-to-turn-your-insights-into-lasting-change\/\"]}]},{\"@type\":\"BreadcrumbList\",\"@id\":\"https:\/\/www.meditationretreatperu.com\/es_ES\/integration-after-a-meditation-retreat-4-questions-to-turn-your-insights-into-lasting-change\/#breadcrumb\",\"itemListElement\":[{\"@type\":\"ListItem\",\"position\":1,\"name\":\"Home\",\"item\":\"https:\/\/www.meditationretreatperu.com\/\"},{\"@type\":\"ListItem\",\"position\":2,\"name\":\"Integraci\u00f3n Despu\u00e9s de un Retiro de Meditaci\u00f3n: 4 Preguntas para Convertir tus Revelaciones en un Cambio Duradero\"}]},{\"@type\":\"WebSite\",\"@id\":\"https:\/\/www.meditationretreatperu.com\/#website\",\"url\":\"https:\/\/www.meditationretreatperu.com\/\",\"name\":\"Meditation Retreat Peru\",\"description\":\"Spiritual Meditatation &amp; Yoga Retreats\",\"potentialAction\":[{\"@type\":\"SearchAction\",\"target\":{\"@type\":\"EntryPoint\",\"urlTemplate\":\"https:\/\/www.meditationretreatperu.com\/?s={search_term_string}\"},\"query-input\":\"required name=search_term_string\"}],\"inLanguage\":\"en-US\"},{\"@type\":\"Person\",\"@id\":\"https:\/\/www.meditationretreatperu.com\/#\/schema\/person\/7b999a6375a36fbfb444415cb32229d4\",\"name\":\"admin\",\"image\":{\"@type\":\"ImageObject\",\"inLanguage\":\"en-US\",\"@id\":\"https:\/\/www.meditationretreatperu.com\/#\/schema\/person\/image\/\",\"url\":\"https:\/\/secure.gravatar.com\/avatar\/bd7a3e6b2d30646b830bbfc90f92c604?s=96&d=mm&r=g\",\"contentUrl\":\"https:\/\/secure.gravatar.com\/avatar\/bd7a3e6b2d30646b830bbfc90f92c604?s=96&d=mm&r=g\",\"caption\":\"admin\"},\"url\":\"https:\/\/www.meditationretreatperu.com\/es_ES\/author\/admin\/\"}]}<\/script>\n<!-- \/ Yoast SEO plugin. -->","yoast_head_json":{"title":"Integraci\u00f3n Despu\u00e9s de un Retiro de Meditaci\u00f3n: 4 Preguntas para Convertir tus Revelaciones en un Cambio Duradero","description":"El retiro de meditaci\u00f3n ha terminado, el silencio se ha roto y es hora de volver a la vida normal.","robots":{"index":"index","follow":"follow","max-snippet":"max-snippet:-1","max-image-preview":"max-image-preview:large","max-video-preview":"max-video-preview:-1"},"canonical":"https:\/\/www.meditationretreatperu.com\/es_ES\/integration-after-a-meditation-retreat-4-questions-to-turn-your-insights-into-lasting-change\/","og_locale":"en_US","og_type":"article","og_title":"Integraci\u00f3n Despu\u00e9s de un Retiro de Meditaci\u00f3n: 4 Preguntas para Convertir tus Revelaciones en un Cambio Duradero","og_description":"El retiro de meditaci\u00f3n ha terminado, el silencio se ha roto y es hora de volver a la vida normal.","og_url":"https:\/\/www.meditationretreatperu.com\/es_ES\/integration-after-a-meditation-retreat-4-questions-to-turn-your-insights-into-lasting-change\/","og_site_name":"Meditation Retreat Peru","article_published_time":"2018-11-08T07:15:35+00:00","article_modified_time":"2019-01-25T16:42:30+00:00","og_image":[{"width":800,"height":600,"url":"https:\/\/www.meditationretreatperu.com\/wp-content\/uploads\/2018\/11\/after_meditation_retreats.jpg","type":"image\/jpeg"}],"author":"admin","twitter_card":"summary_large_image","twitter_misc":{"Written by":"admin","Est. reading time":"9 minutes"},"schema":{"@context":"https:\/\/schema.org","@graph":[{"@type":"WebPage","@id":"https:\/\/www.meditationretreatperu.com\/es_ES\/integration-after-a-meditation-retreat-4-questions-to-turn-your-insights-into-lasting-change\/","url":"https:\/\/www.meditationretreatperu.com\/es_ES\/integration-after-a-meditation-retreat-4-questions-to-turn-your-insights-into-lasting-change\/","name":"Integration After a Meditation Retreat: 4 Questions to Turn Your Insights Into Lasting Change - Meditation Retreat Peru","isPartOf":{"@id":"https:\/\/www.meditationretreatperu.com\/#website"},"datePublished":"2018-11-08T07:15:35+00:00","dateModified":"2019-01-25T16:42:30+00:00","author":{"@id":"https:\/\/www.meditationretreatperu.com\/#\/schema\/person\/7b999a6375a36fbfb444415cb32229d4"},"breadcrumb":{"@id":"https:\/\/www.meditationretreatperu.com\/es_ES\/integration-after-a-meditation-retreat-4-questions-to-turn-your-insights-into-lasting-change\/#breadcrumb"},"inLanguage":"en-US","potentialAction":[{"@type":"ReadAction","target":["https:\/\/www.meditationretreatperu.com\/es_ES\/integration-after-a-meditation-retreat-4-questions-to-turn-your-insights-into-lasting-change\/"]}]},{"@type":"BreadcrumbList","@id":"https:\/\/www.meditationretreatperu.com\/es_ES\/integration-after-a-meditation-retreat-4-questions-to-turn-your-insights-into-lasting-change\/#breadcrumb","itemListElement":[{"@type":"ListItem","position":1,"name":"Home","item":"https:\/\/www.meditationretreatperu.com\/"},{"@type":"ListItem","position":2,"name":"Integraci\u00f3n Despu\u00e9s de un Retiro de Meditaci\u00f3n: 4 Preguntas para Convertir tus Revelaciones en un Cambio Duradero"}]},{"@type":"WebSite","@id":"https:\/\/www.meditationretreatperu.com\/#website","url":"https:\/\/www.meditationretreatperu.com\/","name":"Meditation Retreat Peru","description":"Spiritual Meditatation &amp; Yoga Retreats","potentialAction":[{"@type":"SearchAction","target":{"@type":"EntryPoint","urlTemplate":"https:\/\/www.meditationretreatperu.com\/?s={search_term_string}"},"query-input":"required name=search_term_string"}],"inLanguage":"en-US"},{"@type":"Person","@id":"https:\/\/www.meditationretreatperu.com\/#\/schema\/person\/7b999a6375a36fbfb444415cb32229d4","name":"admin","image":{"@type":"ImageObject","inLanguage":"en-US","@id":"https:\/\/www.meditationretreatperu.com\/#\/schema\/person\/image\/","url":"https:\/\/secure.gravatar.com\/avatar\/bd7a3e6b2d30646b830bbfc90f92c604?s=96&d=mm&r=g","contentUrl":"https:\/\/secure.gravatar.com\/avatar\/bd7a3e6b2d30646b830bbfc90f92c604?s=96&d=mm&r=g","caption":"admin"},"url":"https:\/\/www.meditationretreatperu.com\/es_ES\/author\/admin\/"}]}},"_links":{"self":[{"href":"https:\/\/www.meditationretreatperu.com\/es_ES\/wp-json\/wp\/v2\/posts\/1071"}],"collection":[{"href":"https:\/\/www.meditationretreatperu.com\/es_ES\/wp-json\/wp\/v2\/posts"}],"about":[{"href":"https:\/\/www.meditationretreatperu.com\/es_ES\/wp-json\/wp\/v2\/types\/post"}],"author":[{"embeddable":true,"href":"https:\/\/www.meditationretreatperu.com\/es_ES\/wp-json\/wp\/v2\/users\/6"}],"replies":[{"embeddable":true,"href":"https:\/\/www.meditationretreatperu.com\/es_ES\/wp-json\/wp\/v2\/comments?post=1071"}],"version-history":[{"count":0,"href":"https:\/\/www.meditationretreatperu.com\/es_ES\/wp-json\/wp\/v2\/posts\/1071\/revisions"}],"wp:featuredmedia":[{"embeddable":true,"href":"https:\/\/www.meditationretreatperu.com\/es_ES\/wp-json\/wp\/v2\/media\/1144"}],"wp:attachment":[{"href":"https:\/\/www.meditationretreatperu.com\/es_ES\/wp-json\/wp\/v2\/media?parent=1071"}],"wp:term":[{"taxonomy":"category","embeddable":true,"href":"https:\/\/www.meditationretreatperu.com\/es_ES\/wp-json\/wp\/v2\/categories?post=1071"},{"taxonomy":"post_tag","embeddable":true,"href":"https:\/\/www.meditationretreatperu.com\/es_ES\/wp-json\/wp\/v2\/tags?post=1071"}],"curies":[{"name":"wp","href":"https:\/\/api.w.org\/{rel}","templated":true}]}}