{"id":1500,"date":"2018-12-22T07:48:38","date_gmt":"2018-12-22T07:48:38","guid":{"rendered":"https:\/\/www.meditationretreatperu.com\/?p=1500"},"modified":"2019-01-25T16:21:40","modified_gmt":"2019-01-25T16:21:40","slug":"the-creation-story-of-meditation-retreat-peru","status":"publish","type":"post","link":"https:\/\/www.meditationretreatperu.com\/es_ES\/the-creation-story-of-meditation-retreat-peru\/","title":{"rendered":"La Historia de la Creaci\u00f3n de Meditation Retreat Per\u00fa"},"content":{"rendered":"<div class=\"fusion-fullwidth fullwidth-box fusion-builder-row-1 nonhundred-percent-fullwidth non-hundred-percent-height-scrolling\" style=\"--awb-border-radius-top-left:0px;--awb-border-radius-top-right:0px;--awb-border-radius-bottom-right:0px;--awb-border-radius-bottom-left:0px;--awb-flex-wrap:wrap;\" ><div class=\"fusion-builder-row fusion-row\"><div class=\"fusion-layout-column fusion_builder_column fusion-builder-column-0 fusion_builder_column_1_1 1_1 fusion-one-full fusion-column-first fusion-column-last\" style=\"--awb-bg-size:cover;--awb-margin-bottom:0px;\"><div class=\"fusion-column-wrapper fusion-flex-column-wrapper-legacy\"><div class=\"fusion-text fusion-text-1\"><p style=\"text-align: justify;\">Hola, soy Stephan Oesterreicher, el fundador de Meditation Retreat Per\u00fa y estoy escribiendo la historia que he contado muchas veces en nuestros retiros mensuales de meditaci\u00f3n silenciosa en la isla Amantani en el lago Titicaca.<\/p>\n<p style=\"text-align: justify;\">Antes de venir a Per\u00fa por primera vez en 2010, hab\u00eda pasado muchos a\u00f1os en Asia, principalmente en India, Nepal y Tailandia, y me hab\u00eda dedicado por completo a la pr\u00e1ctica y el estudio de la meditaci\u00f3n y el yoga. Me sumerg\u00ed profundamente en la meditaci\u00f3n y pas\u00e9 literalmente cientos de d\u00edas en retiros de meditaci\u00f3n en silencio.<\/p>\n<p style=\"text-align: justify;\">Viajaba a menudo para conocer a maestros de diferentes tradiciones de las que hab\u00eda o\u00eddo hablar, y prob\u00e9 muchas diferentes pr\u00e1cticas y me qued\u00e9 con algunas. Caminaba descalzo por los Himalayas con monjes hind\u00faes errantes, estaba sentado a los pies del Dalai Lama para recibir las ense\u00f1anzas del Bushiest tibetano y viv\u00eda en monasterios durante largos per\u00edodos de tiempo. Me tom\u00e9 en serio lo que estaba haciendo y no ten\u00eda otros objetivos que entender los misterios de la vida y experimentar los estados trascendentales de la dicha, de los que hablan muchas tradiciones.<\/p>\n<p style=\"text-align: justify;\">En 2007, conoc\u00ed a uno de mis principales maestros de meditaci\u00f3n con quien pas\u00e9 mucho tiempo en muchos pa\u00edses diferentes. \u00c9l ense\u00f1aba retiros de meditaci\u00f3n en silencio y yo ayudaba con regularidad en la organizaci\u00f3n de ellos.<\/p>\n<p style=\"text-align: justify;\">Para pasar el tiempo en meditaci\u00f3n, explorar mi universo interior se ha convertido en una parte importante de mi vida.<\/p>\n<p style=\"text-align: justify;\">Cuando llegu\u00e9 a Per\u00fa por primera vez, inmediatamente me enamor\u00e9 de los Andes y de la alta y poderosa energ\u00eda que est\u00e1 presente all\u00ed. Sin embargo, pronto me di cuenta de que no se ofrec\u00edan retiros de meditaci\u00f3n, por lo que faltaba una parte importante de mi vida.<\/p>\n<p style=\"text-align: justify;\">Esa fue mi motivaci\u00f3n para comenzar a ofrecer retiros de meditaci\u00f3n silenciosa en Per\u00fa que comenzo a principios de 2013 con peque\u00f1os retiros los cuales realic\u00e9 en el valle sagrado. Fue para peque\u00f1os c\u00edrculos de amigos y mi principal motivaci\u00f3n fue tener el ambiente de retiro presente en mi propia vida nuevamente y compartirlo con los dem\u00e1s.<\/p>\n<p style=\"text-align: justify;\">Poco despu\u00e9s, mi maestro vino a Per\u00fa, yo hab\u00eda organizado 2 retiros para \u00e9l. Uno en el valle sagrado y el otro estaba previsto que sucediera en la isla m\u00edstica Isla del Sol en el lado boliviano del lago Titicaca.<\/p>\n<p style=\"text-align: justify;\">El retiro del Valle Sagrado fue un evento muy intenso y una experiencia verdaderamente \u00e9pica. Poco despu\u00e9s nos est\u00e1bamos preparando para llegar a la Isla del Sol, la Isla del Sol en Bolivia, cuando nos dimos cuenta de que el tiempo se estaba acortando y esperaba encontrar otro lugar que requiera menos viajes, como llegar a Isla del Sol fue un viaje de 2 d\u00edas..<\/p>\n<p style=\"text-align: justify;\">Fue entonces cuando record\u00e9 a la isla Amantani que hab\u00eda visitado el a\u00f1o anterior para hacer algunas ofrendas en los templos antiguos de la isla. Record\u00e9 las experiencias poderosas que tuve all\u00ed y tambi\u00e9n record\u00e9 que el lugar donde me aloj\u00e9 antes ten\u00eda una gran sala que parec\u00eda ser una posible sala de meditaci\u00f3n.<\/p>\n<p style=\"text-align: justify;\">Tom\u00e9 un salto de fe y llev\u00e9 a todo el grupo de unas 10 personas a la isla Amantani y simplemente camin\u00e9 hacia la puerta de la casa de hu\u00e9spedes de la familia, llam\u00e9 y pregunt\u00e9 si pod\u00edamos celebrar el retiro en su casa. Y ellos, afortunadamente, dijeron que s\u00ed. No s\u00e9 qu\u00e9 podr\u00edamos haber hecho si eso no hubiera pasado.<\/p>\n<p style=\"text-align: justify;\">Pasamos 3 d\u00edas en silencio en la isla. Fue una experiencia muy profunda, sentarnos juntos en la peque\u00f1a habitaci\u00f3n con una vista incre\u00edble del lago y recibir ense\u00f1anzas sobre la naturaleza de la conciencia y la mente de una persona tan sabia como mi maestro. Fue uno de las etapas m\u00e1s bellas de mi vida.<\/p>\n<p style=\"text-align: justify;\">Despu\u00e9s de que termin\u00f3 el retiro, regresamos al valle sagrado y me desped\u00ed de mi maestro en el aeropuerto. A pesar de todos los momentos felices, hubo tiempos dif\u00edciles para m\u00ed, debido que tuve que cerrar mi centro de meditaci\u00f3n en el valle sagrado, en vista de que no pod\u00eda cubrir los costos de funcionamiento.<\/p>\n<p style=\"text-align: justify;\">Mi coraz\u00f3n estaba roto, aun asi sent\u00eda que ten\u00eda que volver al centro &#8230;<\/p>\n<p style=\"text-align: justify;\">Afortunadamente, tambi\u00e9n habia retiros de meditaci\u00f3n Vipassana de c\u00fapula en Am\u00e9rica del Sur, y yo mismo realic\u00e9 un viaje de b\u00fasqueda e hice dos retiros de meditaci\u00f3n en silencio de 10 d\u00edas en un mes, lo que me devolvi\u00f3 la claridad y la visi\u00f3n.<\/p>\n<p style=\"text-align: justify;\">Regresaba al valle sagrado para preparar otro retiro de meditaci\u00f3n en la isla Amantani y, poco despu\u00e9s, llev\u00e9 a otro grupo al lago Titicaca, donde esta vez ense\u00f1\u00e9 el retiro.<\/p>\n<p style=\"text-align: justify;\">La energ\u00eda de la isla, el lago y los templos antiguos, dedicados a Pachamama y Pachatata fueron sorprendentes. Me di cuenta de que hab\u00eda encontrado el lugar perfecto para un retiro de meditaci\u00f3n.<\/p>\n<p style=\"text-align: justify;\">Incluso la casa de hu\u00e9spedes, que convertimos en un centro de retiros durante el per\u00edodo de meditaci\u00f3n, fue simplemente genial. Fue dirigido por una familia tan pura y hermosa que apoy\u00f3 y comprendi\u00f3 nuestro trabajo interno.<\/p>\n<p style=\"text-align: left;\">Fue entonces cuando me di cuenta de que algo m\u00e1s grande hab\u00eda nacido y que no se trataba de m\u00ed, sino del lugar y los retiros en s\u00ed. Y fue un honor para m\u00ed servir y ser el portador del espacio para esta fuerza creadora.<\/p>\n<p style=\"text-align: justify;\">Unos meses despu\u00e9s, estaba actualmente en M\u00e9xico, organizando retiros de meditaci\u00f3n y yoga para mi maestro, comenc\u00e9 a sentar las bases para el Retiro de meditaci\u00f3n en Per\u00fa conect\u00e1ndome con otros maestros de meditaci\u00f3n y creando un programa de retiro a largo plazo. Program\u00e9 los retiros de ahora en adelante durante la luna llena, ya que parec\u00eda ser un ritmo perfecto para estar alineado con la naturaleza de esta manera. Adem\u00e1s, la energ\u00eda del lago fue muy poderosa durante esta etapa.<\/p>\n<p style=\"text-align: justify;\">Desde mis bases actuales en M\u00e9xico y Guatemala, comenc\u00e9 a organizar los retiros. Primero invit\u00e9 a otros maestros a celebrar los retiros mientras hac\u00eda todo el trabajo de organizaci\u00f3n y mercadeo a distancia. Unos meses m\u00e1s tarde, tan pronto como regres\u00e9 a Per\u00fa, comenc\u00e9 a ense\u00f1ar los retiros y me fascin\u00f3 la experiencia. El lugar era simplemente perfecto, la energ\u00eda incre\u00edblemente alta y atrajo a personas hermosas de todo el mundo que se sent\u00edan llamadas a unirse al retiro.<\/p>\n<p style=\"text-align: justify;\">El contenido del retiro tambi\u00e9n ha evolucionado a lo largo de los a\u00f1os. Al principio, se centr\u00f3 principalmente en la meditaci\u00f3n pura y ahora es un dise\u00f1o muy hermoso que incluye trabajar con nuestros aspectos internos masculinos e internos, mientras visitamos los templos antiguos de Pachamama y Pachatata que est\u00e1n dedicados a estos principios.<\/p>\n<p style=\"text-align: justify;\">Si bien el retiro en total a\u00fan est\u00e1 dedicado a la presencia sagrada de la divinidad dentro de nosotros, ahora incluimos diferentes enfoques que nos ayudan a revelar nuestro ser de Dios de la manera m\u00e1s sostenible. Nos enfocamos en curar las viejas heridas del pasado, viendo una nueva visi\u00f3n de nuestra vida y profundizando nuestro sentido de presencia. Nos enfocamos en aclarar la mente mientras abrimos el coraz\u00f3n. Lo que parece un par de conceptos diferentes en realidad se entrelazan en un dise\u00f1o muy inteligente que tiene poderosos efectos de apertura del coraz\u00f3n en la vida de las personas.<\/p>\n<p style=\"text-align: justify;\">Hasta ahora, el retiro se ha realizado unas 60 veces en la isla de Amantani y tuvimos alrededor de 10 maestros diferentes compartiendo su sabidur\u00eda. He podido celebrar alrededor de 20 de esos retiros lo cual se ha convertido en un aspecto muy hermoso de mi vida y debo decir que estoy profundamente agradecido por eso.<\/p>\n<p style=\"text-align: justify;\">Todav\u00eda dedico una gran parte de mi tiempo a organizar el retiro de meditaci\u00f3n Per\u00fa y a asegurarme de que todo funcione bien y que mejore constantemente. Ense\u00f1ar el retiro en s\u00ed mismo es realmente la guinda del pastel, mientras que la mayor parte de mi trabajo se realiza en la computadora. Gracias a la globalizaci\u00f3n y la red mundial, puedo hacerlo desde cualquier lugar del mundo.<\/p>\n<p style=\"text-align: justify;\">Estoy escribiendo este art\u00edculo desde Montreal, Canad\u00e1, despu\u00e9s de que termin\u00e9 de trabajar en nuestro sitio web, me sent\u00ed inspirado para escribir esta historia..<\/p>\n<p style=\"text-align: justify;\">Despu\u00e9s de hablar mucho sobre mi historia, quiero concluir compartiendo un poco sobre el futuro de Meditation Retreat Per\u00fa. El a\u00f1o pasado, fui muy feliz ensa\u00f1ando los retiros junto con mi amada pareja, que era una hermosa encarnaci\u00f3n de la divinidad masculina y la energ\u00eda misma, el tema del retiro. En este momento, nos sentimos muy honrados de tener dos amigos hermosos, llamados Mike y Julia que llevan a cabo los retiros y nos dimos cuenta de que el tema de las parejas est\u00e1 muy interconectado con el tema de la interacci\u00f3n entre el principio universal femenino y el principio universal masculino.<\/p>\n<p style=\"text-align: justify;\">Y de esta energ\u00eda nacieron nuestros tours espirituales para parejas que combinan el retiro de meditaci\u00f3n en silencio con la visita de impresionantes lugares sagrados como Cusco y Machu Picchu antes del retiro y una relajante relajaci\u00f3n en un lujoso hotel a orillas del lago despu\u00e9s del retiro.<\/p>\n<p style=\"text-align: justify;\">He hablado mucho sobre el desarrollo externo de la organizaci\u00f3n Meditation Retreat Per\u00fa, pero finalmente quiero concluir con su esencia energ\u00e9tica que ha sido eternamente la misma al mismo tiempo que evoluciona. Es el reconocimiento de la dimensi\u00f3n sagrada de nuestra vida y de nuestro ser. Es el recordar nuestra esencia m\u00e1s \u00edntima. La chispa divina en nuestro coraz\u00f3n y la reverencia ante la gracia que siempre nos llama a recordar nuestra verdadera naturaleza divina-humana. Meditation Retreat Per\u00fa est\u00e1 dedicado a mantener un espacio para esta dimensi\u00f3n divina y ofrecer herramientas de transformaci\u00f3n para hacer de la meditaci\u00f3n, la curaci\u00f3n y el reconocimiento de nuestra alma y m\u00e1s all\u00e1, la prioridad en nuestras vidas.<\/p>\n<p style=\"text-align: justify;\">Agradecido<\/p>\n<p style=\"text-align: justify;\">Stephan<\/p>\n<\/div><div class=\"fusion-clearfix\"><\/div><\/div><\/div><\/div><\/div>\n","protected":false},"excerpt":{"rendered":"<p>Hola, soy Stephan Oesterreicher, el fundador de Meditation Retreat Per\u00fa y estoy escribiendo la historia que<\/p>\n","protected":false},"author":6,"featured_media":1501,"comment_status":"open","ping_status":"closed","sticky":false,"template":"","format":"standard","meta":{"footnotes":""},"categories":[1],"tags":[],"yoast_head":"<!-- This site is optimized with the Yoast SEO plugin v20.13 - https:\/\/yoast.com\/wordpress\/plugins\/seo\/ -->\n<title>La Historia de la Creaci\u00f3n de Meditation Retreat Per\u00fa<\/title>\n<meta name=\"description\" content=\"Hola, soy Stephan Oesterreicher, el fundador de Meditation Retreat Per\u00fa y estoy escribiendo la historia que\" \/>\n<meta name=\"robots\" content=\"index, follow, max-snippet:-1, max-image-preview:large, max-video-preview:-1\" \/>\n<link rel=\"canonical\" href=\"https:\/\/www.meditationretreatperu.com\/the-creation-story-of-meditation-retreat-peru\/\" \/>\n<meta property=\"og:locale\" content=\"en_US\" \/>\n<meta property=\"og:type\" content=\"article\" \/>\n<meta property=\"og:title\" content=\"La Historia de la Creaci\u00f3n de Meditation Retreat Per\u00fa\" \/>\n<meta property=\"og:description\" content=\"Hola, soy Stephan Oesterreicher, el fundador de Meditation Retreat Per\u00fa y estoy escribiendo la historia que\" \/>\n<meta property=\"og:url\" content=\"https:\/\/www.meditationretreatperu.com\/the-creation-story-of-meditation-retreat-peru\/\" \/>\n<meta property=\"og:site_name\" content=\"Meditation Retreat Peru\" \/>\n<meta property=\"article:published_time\" content=\"2018-12-22T07:48:38+00:00\" \/>\n<meta property=\"article:modified_time\" content=\"2019-01-25T16:21:40+00:00\" \/>\n<meta property=\"og:image\" content=\"https:\/\/www.meditationretreatperu.com\/wp-content\/uploads\/2018\/12\/creation_story.jpg\" \/>\n\t<meta property=\"og:image:width\" content=\"800\" \/>\n\t<meta property=\"og:image:height\" content=\"600\" \/>\n\t<meta property=\"og:image:type\" content=\"image\/jpeg\" \/>\n<meta name=\"author\" content=\"admin\" \/>\n<meta name=\"twitter:card\" content=\"summary_large_image\" \/>\n<meta name=\"twitter:label1\" content=\"Written by\" \/>\n\t<meta name=\"twitter:data1\" content=\"admin\" \/>\n\t<meta name=\"twitter:label2\" content=\"Est. reading time\" \/>\n\t<meta name=\"twitter:data2\" content=\"9 minutes\" \/>\n<script type=\"application\/ld+json\" class=\"yoast-schema-graph\">{\"@context\":\"https:\/\/schema.org\",\"@graph\":[{\"@type\":\"WebPage\",\"@id\":\"https:\/\/www.meditationretreatperu.com\/the-creation-story-of-meditation-retreat-peru\/\",\"url\":\"https:\/\/www.meditationretreatperu.com\/the-creation-story-of-meditation-retreat-peru\/\",\"name\":\"The Creation Story of Meditation Retreat Peru - Meditation Retreat Peru\",\"isPartOf\":{\"@id\":\"https:\/\/www.meditationretreatperu.com\/#website\"},\"datePublished\":\"2018-12-22T07:48:38+00:00\",\"dateModified\":\"2019-01-25T16:21:40+00:00\",\"author\":{\"@id\":\"https:\/\/www.meditationretreatperu.com\/#\/schema\/person\/7b999a6375a36fbfb444415cb32229d4\"},\"breadcrumb\":{\"@id\":\"https:\/\/www.meditationretreatperu.com\/the-creation-story-of-meditation-retreat-peru\/#breadcrumb\"},\"inLanguage\":\"en-US\",\"potentialAction\":[{\"@type\":\"ReadAction\",\"target\":[\"https:\/\/www.meditationretreatperu.com\/the-creation-story-of-meditation-retreat-peru\/\"]}]},{\"@type\":\"BreadcrumbList\",\"@id\":\"https:\/\/www.meditationretreatperu.com\/the-creation-story-of-meditation-retreat-peru\/#breadcrumb\",\"itemListElement\":[{\"@type\":\"ListItem\",\"position\":1,\"name\":\"Home\",\"item\":\"https:\/\/www.meditationretreatperu.com\/\"},{\"@type\":\"ListItem\",\"position\":2,\"name\":\"The Creation Story of Meditation Retreat Peru\"}]},{\"@type\":\"WebSite\",\"@id\":\"https:\/\/www.meditationretreatperu.com\/#website\",\"url\":\"https:\/\/www.meditationretreatperu.com\/\",\"name\":\"Meditation Retreat Peru\",\"description\":\"Spiritual Meditatation &amp; Yoga Retreats\",\"potentialAction\":[{\"@type\":\"SearchAction\",\"target\":{\"@type\":\"EntryPoint\",\"urlTemplate\":\"https:\/\/www.meditationretreatperu.com\/?s={search_term_string}\"},\"query-input\":\"required name=search_term_string\"}],\"inLanguage\":\"en-US\"},{\"@type\":\"Person\",\"@id\":\"https:\/\/www.meditationretreatperu.com\/#\/schema\/person\/7b999a6375a36fbfb444415cb32229d4\",\"name\":\"admin\",\"image\":{\"@type\":\"ImageObject\",\"inLanguage\":\"en-US\",\"@id\":\"https:\/\/www.meditationretreatperu.com\/#\/schema\/person\/image\/\",\"url\":\"https:\/\/secure.gravatar.com\/avatar\/bd7a3e6b2d30646b830bbfc90f92c604?s=96&d=mm&r=g\",\"contentUrl\":\"https:\/\/secure.gravatar.com\/avatar\/bd7a3e6b2d30646b830bbfc90f92c604?s=96&d=mm&r=g\",\"caption\":\"admin\"},\"url\":\"https:\/\/www.meditationretreatperu.com\/es_ES\/author\/admin\/\"}]}<\/script>\n<!-- \/ Yoast SEO plugin. -->","yoast_head_json":{"title":"La Historia de la Creaci\u00f3n de Meditation Retreat Per\u00fa","description":"Hola, soy Stephan Oesterreicher, el fundador de Meditation Retreat Per\u00fa y estoy escribiendo la historia que","robots":{"index":"index","follow":"follow","max-snippet":"max-snippet:-1","max-image-preview":"max-image-preview:large","max-video-preview":"max-video-preview:-1"},"canonical":"https:\/\/www.meditationretreatperu.com\/the-creation-story-of-meditation-retreat-peru\/","og_locale":"en_US","og_type":"article","og_title":"La Historia de la Creaci\u00f3n de Meditation Retreat Per\u00fa","og_description":"Hola, soy Stephan Oesterreicher, el fundador de Meditation Retreat Per\u00fa y estoy escribiendo la historia que","og_url":"https:\/\/www.meditationretreatperu.com\/the-creation-story-of-meditation-retreat-peru\/","og_site_name":"Meditation Retreat Peru","article_published_time":"2018-12-22T07:48:38+00:00","article_modified_time":"2019-01-25T16:21:40+00:00","og_image":[{"width":800,"height":600,"url":"https:\/\/www.meditationretreatperu.com\/wp-content\/uploads\/2018\/12\/creation_story.jpg","type":"image\/jpeg"}],"author":"admin","twitter_card":"summary_large_image","twitter_misc":{"Written by":"admin","Est. reading time":"9 minutes"},"schema":{"@context":"https:\/\/schema.org","@graph":[{"@type":"WebPage","@id":"https:\/\/www.meditationretreatperu.com\/the-creation-story-of-meditation-retreat-peru\/","url":"https:\/\/www.meditationretreatperu.com\/the-creation-story-of-meditation-retreat-peru\/","name":"The Creation Story of Meditation Retreat Peru - Meditation Retreat Peru","isPartOf":{"@id":"https:\/\/www.meditationretreatperu.com\/#website"},"datePublished":"2018-12-22T07:48:38+00:00","dateModified":"2019-01-25T16:21:40+00:00","author":{"@id":"https:\/\/www.meditationretreatperu.com\/#\/schema\/person\/7b999a6375a36fbfb444415cb32229d4"},"breadcrumb":{"@id":"https:\/\/www.meditationretreatperu.com\/the-creation-story-of-meditation-retreat-peru\/#breadcrumb"},"inLanguage":"en-US","potentialAction":[{"@type":"ReadAction","target":["https:\/\/www.meditationretreatperu.com\/the-creation-story-of-meditation-retreat-peru\/"]}]},{"@type":"BreadcrumbList","@id":"https:\/\/www.meditationretreatperu.com\/the-creation-story-of-meditation-retreat-peru\/#breadcrumb","itemListElement":[{"@type":"ListItem","position":1,"name":"Home","item":"https:\/\/www.meditationretreatperu.com\/"},{"@type":"ListItem","position":2,"name":"The Creation Story of Meditation Retreat Peru"}]},{"@type":"WebSite","@id":"https:\/\/www.meditationretreatperu.com\/#website","url":"https:\/\/www.meditationretreatperu.com\/","name":"Meditation Retreat Peru","description":"Spiritual Meditatation &amp; Yoga Retreats","potentialAction":[{"@type":"SearchAction","target":{"@type":"EntryPoint","urlTemplate":"https:\/\/www.meditationretreatperu.com\/?s={search_term_string}"},"query-input":"required name=search_term_string"}],"inLanguage":"en-US"},{"@type":"Person","@id":"https:\/\/www.meditationretreatperu.com\/#\/schema\/person\/7b999a6375a36fbfb444415cb32229d4","name":"admin","image":{"@type":"ImageObject","inLanguage":"en-US","@id":"https:\/\/www.meditationretreatperu.com\/#\/schema\/person\/image\/","url":"https:\/\/secure.gravatar.com\/avatar\/bd7a3e6b2d30646b830bbfc90f92c604?s=96&d=mm&r=g","contentUrl":"https:\/\/secure.gravatar.com\/avatar\/bd7a3e6b2d30646b830bbfc90f92c604?s=96&d=mm&r=g","caption":"admin"},"url":"https:\/\/www.meditationretreatperu.com\/es_ES\/author\/admin\/"}]}},"_links":{"self":[{"href":"https:\/\/www.meditationretreatperu.com\/es_ES\/wp-json\/wp\/v2\/posts\/1500"}],"collection":[{"href":"https:\/\/www.meditationretreatperu.com\/es_ES\/wp-json\/wp\/v2\/posts"}],"about":[{"href":"https:\/\/www.meditationretreatperu.com\/es_ES\/wp-json\/wp\/v2\/types\/post"}],"author":[{"embeddable":true,"href":"https:\/\/www.meditationretreatperu.com\/es_ES\/wp-json\/wp\/v2\/users\/6"}],"replies":[{"embeddable":true,"href":"https:\/\/www.meditationretreatperu.com\/es_ES\/wp-json\/wp\/v2\/comments?post=1500"}],"version-history":[{"count":0,"href":"https:\/\/www.meditationretreatperu.com\/es_ES\/wp-json\/wp\/v2\/posts\/1500\/revisions"}],"wp:featuredmedia":[{"embeddable":true,"href":"https:\/\/www.meditationretreatperu.com\/es_ES\/wp-json\/wp\/v2\/media\/1501"}],"wp:attachment":[{"href":"https:\/\/www.meditationretreatperu.com\/es_ES\/wp-json\/wp\/v2\/media?parent=1500"}],"wp:term":[{"taxonomy":"category","embeddable":true,"href":"https:\/\/www.meditationretreatperu.com\/es_ES\/wp-json\/wp\/v2\/categories?post=1500"},{"taxonomy":"post_tag","embeddable":true,"href":"https:\/\/www.meditationretreatperu.com\/es_ES\/wp-json\/wp\/v2\/tags?post=1500"}],"curies":[{"name":"wp","href":"https:\/\/api.w.org\/{rel}","templated":true}]}}